{"id":3233,"date":"2014-04-13T11:55:00","date_gmt":"1970-01-01T00:00:00","guid":{"rendered":"https:\/\/www.arace.fr\/?p=3233"},"modified":"2014-04-13T11:55:00","modified_gmt":"1970-01-01T00:00:00","slug":"pylone-vhf-filaire","status":"publish","type":"post","link":"https:\/\/www.arace.fr\/index.php\/2014\/04\/13\/pylone-vhf-filaire\/","title":{"rendered":"Pylone VHF + filaire"},"content":{"rendered":"\n<div style=\"text-align: center;\"><strong><span style=\"color: rgb(51, 51, 51);\"><span style=\"font-size: large;\">Pylone VHF + filaire<br \/>\n<\/span><\/span><\/strong><\/div>\n<br \/>\n<div style=\"text-align: justify; margin-left: 130px;\"><span style=\"color: rgb(51, 51, 51);\"><span style=\"font-size: large;\">Ce samedi 12 avril, <\/span><\/span><span style=\"color: rgb(51, 51, 51);\"><span style=\"font-size: large;\"><span style=\"color: rgb(51, 51, 51);\"><span style=\"font-size: large;\">avec un tr\u00e8s beau soleil, <\/span><\/span>journ\u00e9e de travail au Radio-Club, pour la pr\u00e9paration du pyl\u00f4ne VHF et de la filaire<\/span><\/span><span style=\"color: rgb(51, 51, 51);\"><span style=\"font-size: large;\">.<br \/>\n<br \/>\nLes fondations et les encrages sont r\u00e9alis\u00e9s pour le futur pyl\u00f4ne VHF et le m\u00e2t de la filaire.<br \/>\nL&rsquo;\u00e9clairage de l&rsquo;esplanade est \u00e9galement fait.<br \/>\n<br \/>\n<br \/>\n<\/span><\/span><\/div>\n<div style=\"text-align: justify; margin-left: 130px;\"><span style=\"color: rgb(51, 51, 51);\"><span style=\"font-size: large;\"> <\/span><\/span><span style=\"font-size: large;\"><span style=\"text-decoration: underline;\"><span style=\"color: rgb(0, 0, 255);\"><span style=\"text-decoration:underline;\"><span style=\"color: rgb(0, 0, 255);\">Les photos de la journ\u00e9e<\/span><\/span><br \/>\n<\/span><\/span><\/span><span style=\"font-size: large;\"><span style=\"text-decoration: underline;\"><span style=\"color: rgb(0, 0, 255);\"><br \/>\n<\/span><\/span><\/span><span style=\"font-size: larger;\"><span style=\"color: rgb(51, 51, 51);\">\u00c9taient pr\u00e9sents, <\/span><\/span><span style=\"font-size: larger;\"><span style=\"color: rgb(51, 51, 51);\">F5BNJ F5BNL F5EO F4AVX F4FVQ F4DHL SWL Adelin F4GER F5CYM.<\/span><\/span><span style=\"color: rgb(51, 51, 51);\"><span style=\"font-size: large;\"><br \/>\n<\/span><\/span><\/div>\n\n\n\nngg_shortcode_0_placeholder\n","protected":false},"excerpt":{"rendered":"<p>Pylone VHF + filaire Ce samedi 12 avril, avec un tr\u00e8s beau soleil, journ\u00e9e de travail au Radio-Club, pour la pr\u00e9paration du pyl\u00f4ne VHF et de la filaire. Les fondations et les encrages sont r\u00e9alis\u00e9s pour le futur&#8230; <a class=\"read-more\" href=\"https:\/\/www.arace.fr\/index.php\/2014\/04\/13\/pylone-vhf-filaire\/\">Read More<\/a><\/p>\n","protected":false},"author":1,"featured_media":0,"comment_status":"open","ping_status":"open","sticky":false,"template":"","format":"standard","meta":{"ngg_post_thumbnail":0,"footnotes":""},"categories":[7],"tags":[],"class_list":["post-3233","post","type-post","status-publish","format-standard","hentry","category-nouvelles","no-comments"],"_links":{"self":[{"href":"https:\/\/www.arace.fr\/index.php\/wp-json\/wp\/v2\/posts\/3233","targetHints":{"allow":["GET"]}}],"collection":[{"href":"https:\/\/www.arace.fr\/index.php\/wp-json\/wp\/v2\/posts"}],"about":[{"href":"https:\/\/www.arace.fr\/index.php\/wp-json\/wp\/v2\/types\/post"}],"author":[{"embeddable":true,"href":"https:\/\/www.arace.fr\/index.php\/wp-json\/wp\/v2\/users\/1"}],"replies":[{"embeddable":true,"href":"https:\/\/www.arace.fr\/index.php\/wp-json\/wp\/v2\/comments?post=3233"}],"version-history":[{"count":1,"href":"https:\/\/www.arace.fr\/index.php\/wp-json\/wp\/v2\/posts\/3233\/revisions"}],"predecessor-version":[{"id":3234,"href":"https:\/\/www.arace.fr\/index.php\/wp-json\/wp\/v2\/posts\/3233\/revisions\/3234"}],"wp:attachment":[{"href":"https:\/\/www.arace.fr\/index.php\/wp-json\/wp\/v2\/media?parent=3233"}],"wp:term":[{"taxonomy":"category","embeddable":true,"href":"https:\/\/www.arace.fr\/index.php\/wp-json\/wp\/v2\/categories?post=3233"},{"taxonomy":"post_tag","embeddable":true,"href":"https:\/\/www.arace.fr\/index.php\/wp-json\/wp\/v2\/tags?post=3233"}],"curies":[{"name":"wp","href":"https:\/\/api.w.org\/{rel}","templated":true}]}}