{"id":3243,"date":"2014-08-10T10:47:00","date_gmt":"1970-01-01T00:00:00","guid":{"rendered":"https:\/\/www.arace.fr\/?p=3243"},"modified":"2014-08-10T10:47:00","modified_gmt":"1970-01-01T00:00:00","slug":"lancement-de-tm70lca","status":"publish","type":"post","link":"https:\/\/www.arace.fr\/index.php\/2014\/08\/10\/lancement-de-tm70lca\/","title":{"rendered":"Lancement de TM70LCA"},"content":{"rendered":"\n<table cellspacing=\"1\" cellpadding=\"1\" align=\"center\" border=\"0\" width=\"200\">\n    <tbody>\n        <tr>\n            <td style=\"text-align: center;\"><br>\n            <span style=\"font-size: medium;\"><small><strong><big style=\"color: rgb(0, 102, 0);\"><span style=\"color: rgb(51, 51, 51);\"><span style=\"font-size: medium;\"><small><strong><big style=\"color: rgb(0, 102, 0);\"><span style=\"color: rgb(51, 51, 51);\"><span style=\"color: rgb(0, 0, 255);\"><span style=\"font-size: x-large;\"><span style=\"font-size: large;\"><a href=\"http:\/\/www.tm70lca.arace.fr\/plugins\/photofolio\/photofolio.php?lng=fr\"><span style=\"color: rgb(255, 0, 0);\"><span style=\"text-decoration: underline;\"><strong>LES&nbsp;PHOTOS<\/strong><\/span><\/span><\/a><strong> des 3 jours sont en ligne.<br>\n            <br>\n            Nous \u00e9tions d\u00e9j\u00e0 tr\u00e8s satisfait du d\u00e9roulement de la manifestation, mais&nbsp; une visite importante va cl\u00f4turer ce Week-end et marquera \u00e0 jamais la vie du Radio-Club.<br>\n            <br>\n            Mise en image de cette rencontre, probablement demain !<\/strong><\/span><\/span><\/span><span style=\"font-size: xx-large;\"><strong><br>\n            <\/strong><\/span><\/span><\/big><\/strong><\/small><\/span><br>\n            Activit\u00e9 pour la comm\u00e9moration des 70 ans de la lib\u00e9ration de la cit\u00e9 d&rsquo;Aleth.<\/span><\/big><\/strong><\/small><\/span><span style=\"font-size: x-large;\"><small><strong><big style=\"color: rgb(51, 51, 51);\"><big><br>\n            <\/big><\/big><\/strong><\/small><\/span><span style=\"font-size: x-large;\"><small><strong><big style=\"color: rgb(51, 51, 51);\"><big><span style=\"font-size: x-large;\"><small><strong><big style=\"color: rgb(51, 51, 51);\"><big>les 15, 16 et 17 ao\u00fbt 20<\/big><\/big><\/strong><\/small><\/span><span style=\"font-size: x-large;\"><small><strong><big style=\"color: rgb(51, 51, 51);\"><big>14<\/big><\/big><\/strong><\/small><\/span><\/big><\/big><\/strong><\/small><\/span><br>\n            <br>\n            Activation de l&rsquo;indicatif du 8 au 22 aout 2014.<br>\n            <br>\n            <a target=\"_blank\" href=\"http:\/\/www.tm70lca.arace.fr\" rel=\"noopener noreferrer\"><span style=\"color: rgb(0, 0, 255);\"><span style=\"text-decoration:underline;\"><span style=\"font-size: x-large;\"><strong>http:\/\/www.tm7\u00d8lca.arace.fr<br>\n            <\/strong><\/span><\/span><\/span><\/a><strong><span style=\"font-size: xx-large;\"><strong><br>\n            <\/strong><\/span><\/strong><\/td>\n        <\/tr>\n        <tr>\n            <td>\n            <div style=\"text-align: center;\"><a target=\"_blank\" href=\"http:\/\/www.tm70lca.arace.fr\" rel=\"noopener noreferrer\"><img loading=\"lazy\" decoding=\"async\" alt=\"medaillon_tm70lca.png\" src=\"\/wp-content\/uploads\/2020\/04\/medaillon_tm70lca.png\" title=\"medaillon_tm70lca.png\" height=\"509\" border=\"0\" width=\"640\"><\/a><\/div>\n            <div style=\"text-align: center;\"><strong><span style=\"color: rgb(51, 51, 51);\"><br>\n            Avec le soutien de la mairie de Saint-Malo<\/span><\/strong><br>\n            <img loading=\"lazy\" decoding=\"async\" src=\"\/wp-content\/uploads\/2020\/04\/logo-saint-malo.jpg\" alt=\"\" height=\"108\" border=\"0\" width=\"360\"><\/div>\n            <\/td>\n        <\/tr>\n    <\/tbody>\n<\/table>\n<div style=\"text-align: center;\"><span style=\"font-size: large;\"><br>\n<\/span><\/div>\n","protected":false},"excerpt":{"rendered":"<p>LES&nbsp;PHOTOS des 3 jours sont en ligne. Nous \u00e9tions d\u00e9j\u00e0 tr\u00e8s satisfait du d\u00e9roulement de la manifestation, mais&nbsp; une visite importante va cl\u00f4turer ce Week-end et marquera \u00e0 jamais la vie du Radio-Club. Mise en image de cette&#8230; <a class=\"read-more\" href=\"https:\/\/www.arace.fr\/index.php\/2014\/08\/10\/lancement-de-tm70lca\/\">Read More<\/a><\/p>\n","protected":false},"author":1,"featured_media":0,"comment_status":"open","ping_status":"open","sticky":false,"template":"","format":"standard","meta":{"ngg_post_thumbnail":0,"footnotes":""},"categories":[7],"tags":[],"class_list":["post-3243","post","type-post","status-publish","format-standard","hentry","category-nouvelles","no-comments"],"_links":{"self":[{"href":"https:\/\/www.arace.fr\/index.php\/wp-json\/wp\/v2\/posts\/3243","targetHints":{"allow":["GET"]}}],"collection":[{"href":"https:\/\/www.arace.fr\/index.php\/wp-json\/wp\/v2\/posts"}],"about":[{"href":"https:\/\/www.arace.fr\/index.php\/wp-json\/wp\/v2\/types\/post"}],"author":[{"embeddable":true,"href":"https:\/\/www.arace.fr\/index.php\/wp-json\/wp\/v2\/users\/1"}],"replies":[{"embeddable":true,"href":"https:\/\/www.arace.fr\/index.php\/wp-json\/wp\/v2\/comments?post=3243"}],"version-history":[{"count":2,"href":"https:\/\/www.arace.fr\/index.php\/wp-json\/wp\/v2\/posts\/3243\/revisions"}],"predecessor-version":[{"id":3293,"href":"https:\/\/www.arace.fr\/index.php\/wp-json\/wp\/v2\/posts\/3243\/revisions\/3293"}],"wp:attachment":[{"href":"https:\/\/www.arace.fr\/index.php\/wp-json\/wp\/v2\/media?parent=3243"}],"wp:term":[{"taxonomy":"category","embeddable":true,"href":"https:\/\/www.arace.fr\/index.php\/wp-json\/wp\/v2\/categories?post=3243"},{"taxonomy":"post_tag","embeddable":true,"href":"https:\/\/www.arace.fr\/index.php\/wp-json\/wp\/v2\/tags?post=3243"}],"curies":[{"name":"wp","href":"https:\/\/api.w.org\/{rel}","templated":true}]}}