{"id":3368,"date":"2016-06-30T21:15:00","date_gmt":"1970-01-01T00:00:00","guid":{"rendered":"https:\/\/www.arace.fr\/?p=3368"},"modified":"2016-06-30T21:15:00","modified_gmt":"1970-01-01T00:00:00","slug":"arace-et-le-college-jean-charcot-selectionnes-pour-un-contact-ariss","status":"publish","type":"post","link":"https:\/\/www.arace.fr\/index.php\/2016\/06\/30\/arace-et-le-college-jean-charcot-selectionnes-pour-un-contact-ariss\/","title":{"rendered":"ARACE et le coll\u00e8ge Jean Charcot s\u00e9lectionn\u00e9s pour un contact ARISS"},"content":{"rendered":"\n<h1 style=\"text-align: center;\"><span style=\"font-size: medium;\"><strong><span style=\"color: rgb(51, 51, 51);\">ARACE&nbsp;et le coll\u00e8ge Jean Charcot s\u00e9lectionn\u00e9s pour un contact ARISS<\/span><\/strong><\/span><\/h1>\n<p style=\"margin-bottom: 0cm\"><b><br>\nLe coll\u00e8ge Jean Charcot se pr\u00e9pare \u00e0 rencontrer les astronautes de la station spatiale internationale<\/b><\/p>\n<p style=\"margin-bottom: 0cm\">Au mois d\u2019avril dernier, le Coll\u00e8ge Jean Charcot \u00e0 \u00e9t\u00e9 choisi pour participer au programme ARISS* qui permettra \u00e0 un groupe d\u2019\u00e9l\u00e8ves des classes de quatri\u00e8me de converser en direct avec un astronaute en orbite autour de la terre. Ce contact est pr\u00e9vu au mois de d\u00e9cembre prochain.<\/p>\n<p style=\"margin-bottom: 0cm; text-align: center;\"><img loading=\"lazy\" decoding=\"async\" src=\"\/wp-content\/uploads\/2020\/04\/ISS_Charcot_12p.jpg\" alt=\"ISS Charcot_12p.jpg\" title=\"ISS Charcot_12p.jpg\" height=\"425\" border=\"0\" width=\"640\"><br>\n&nbsp;<\/p>\n<p style=\"margin-bottom: 0cm\">Le projet, men\u00e9 en \u00e9troite collaboration avec l\u2019Association des Radio Amateurs de la C\u00f4te d\u2019Emeraude (ARACE), n\u00e9cessite une pr\u00e9paration minutieuse. C\u2019est dans cette optique que la premi\u00e8re r\u00e9union de coordination a \u00e9t\u00e9 organis\u00e9e dans les locaux du coll\u00e8ge, en pr\u00e9sence de la direction, avec la participation des professeurs concern\u00e9s, des \u00e9l\u00e8ves et des parents d\u2019\u00e9l\u00e8ves.<\/p>\n<p style=\"margin-bottom: 0cm\">L\u2019atmosph\u00e8re \u00e9tait d\u00e9tendue avec un public attentif aux informations techniques qui ont \u00e9t\u00e9 donn\u00e9es par les radios amateurs pr\u00e9sents. Les professeurs ont \u00e9galement donn\u00e9 des d\u00e9tails sur le projet p\u00e9dagogique qui doit accompagner ce projet pendant l\u2019ann\u00e9e scolaire 2016-2017.<\/p>\n<p style=\"margin-bottom: 0cm\">La soir\u00e9e s\u2019est termin\u00e9e de mani\u00e8re informelle autour de quelques rafraichissements. La convivialit\u00e9 et les \u00e9changes interg\u00e9n\u00e9rationnels \u00e9taient de mise<i><b>. Un  rendez-vous est pr\u00e9vu pour une  r\u00e9union de pr\u00e9paration \u00e0 la rentr\u00e9e prochaine&nbsp;!<\/b><\/i><\/p>\n<p style=\"margin-bottom: 0cm\">&nbsp;<\/p>\n<p style=\"margin-bottom: 0cm\">*&nbsp;: <font color=\"#373737\"><font face=\"Helvetica, serif\"><font style=\"font-size: 11pt\" size=\"3\">ARISS<\/font><\/font><\/font><font color=\"#373737\"><font face=\"Helvetica, serif\"><font style=\"font-size: 11pt\" size=\"3\"><b>&nbsp;<\/b><\/font><\/font><\/font><font color=\"#373737\"><font face=\"Helvetica, serif\"><font style=\"font-size: 11pt\" size=\"3\">:<\/font><\/font><\/font><font color=\"#373737\"><font face=\"Helvetica, serif\"><font style=\"font-size: 11pt\" size=\"3\">&nbsp;<\/font><\/font><\/font><font color=\"#373737\"><font face=\"Helvetica, serif\"><font style=\"font-size: 11pt\" size=\"3\"><i><b>Programme \u00e9ducatif mondial sous l\u2019\u00e9gide de la NASA, en collaboration avec l\u2019Agence Spatiale Europ\u00e9enne, les programmes spatiaux nationaux et les associations de Radio Amateurs affili\u00e9es.<\/b><\/i><\/font><\/font><\/font><\/p>\n<p style=\"margin-bottom: 0cm; text-align: center;\">&nbsp;<\/p>\n<h1 style=\"text-align: center;\"><span style=\"color: rgb(0, 0, 255);\"><span style=\"text-decoration:underline;\">Les photos de cette premi\u00e8re r\u00e9union d&rsquo;information<br>\n<\/span><\/span><\/h1>\n<p style=\"margin-bottom: 0cm\">&nbsp;<\/p>\n\n\n\nngg_shortcode_0_placeholder\n","protected":false},"excerpt":{"rendered":"<p>ARACE&nbsp;et le coll\u00e8ge Jean Charcot s\u00e9lectionn\u00e9s pour un contact ARISS Le coll\u00e8ge Jean Charcot se pr\u00e9pare \u00e0 rencontrer les astronautes de la station spatiale internationale Au mois d\u2019avril dernier, le Coll\u00e8ge Jean Charcot \u00e0 \u00e9t\u00e9 choisi pour participer&#8230; <a class=\"read-more\" href=\"https:\/\/www.arace.fr\/index.php\/2016\/06\/30\/arace-et-le-college-jean-charcot-selectionnes-pour-un-contact-ariss\/\">Read More<\/a><\/p>\n","protected":false},"author":1,"featured_media":0,"comment_status":"open","ping_status":"open","sticky":false,"template":"","format":"standard","meta":{"ngg_post_thumbnail":0,"footnotes":""},"categories":[7],"tags":[],"class_list":["post-3368","post","type-post","status-publish","format-standard","hentry","category-nouvelles","no-comments"],"_links":{"self":[{"href":"https:\/\/www.arace.fr\/index.php\/wp-json\/wp\/v2\/posts\/3368","targetHints":{"allow":["GET"]}}],"collection":[{"href":"https:\/\/www.arace.fr\/index.php\/wp-json\/wp\/v2\/posts"}],"about":[{"href":"https:\/\/www.arace.fr\/index.php\/wp-json\/wp\/v2\/types\/post"}],"author":[{"embeddable":true,"href":"https:\/\/www.arace.fr\/index.php\/wp-json\/wp\/v2\/users\/1"}],"replies":[{"embeddable":true,"href":"https:\/\/www.arace.fr\/index.php\/wp-json\/wp\/v2\/comments?post=3368"}],"version-history":[{"count":2,"href":"https:\/\/www.arace.fr\/index.php\/wp-json\/wp\/v2\/posts\/3368\/revisions"}],"predecessor-version":[{"id":3400,"href":"https:\/\/www.arace.fr\/index.php\/wp-json\/wp\/v2\/posts\/3368\/revisions\/3400"}],"wp:attachment":[{"href":"https:\/\/www.arace.fr\/index.php\/wp-json\/wp\/v2\/media?parent=3368"}],"wp:term":[{"taxonomy":"category","embeddable":true,"href":"https:\/\/www.arace.fr\/index.php\/wp-json\/wp\/v2\/categories?post=3368"},{"taxonomy":"post_tag","embeddable":true,"href":"https:\/\/www.arace.fr\/index.php\/wp-json\/wp\/v2\/tags?post=3368"}],"curies":[{"name":"wp","href":"https:\/\/api.w.org\/{rel}","templated":true}]}}