{"id":3516,"date":"2017-09-14T20:05:00","date_gmt":"1970-01-01T00:00:00","guid":{"rendered":"https:\/\/www.arace.fr\/?p=3516"},"modified":"2017-09-14T20:05:00","modified_gmt":"1970-01-01T00:00:00","slug":"ag-2017","status":"publish","type":"post","link":"https:\/\/www.arace.fr\/index.php\/2017\/09\/14\/ag-2017\/","title":{"rendered":"AG 2017"},"content":{"rendered":"\n<div style=\"text-align: center;\"><span style=\"font-family:Helvetica,sans-serif\"><span style=\"font-family:Helvetica,sans-serif\"><span style=\"font-size: large;\">Assembl\u00e9e G\u00e9n\u00e9rale ARACE&#160;2017<\/span><\/span><br \/>\n<\/span><\/div>\n<span style=\"font-family:Helvetica,sans-serif\"><br \/>\nComme vous le savez, chaque ann\u00e9e se tient une Assembl\u00e9e G\u00e9n\u00e9rale.<br \/>\nLa date de celle-ci est fix\u00e9e \u00e0&#160;<span class=\"gmail-apple-converted-space\"> s<\/span><span class=\"gmail-object\">amedi<\/span> prochain, <strong>16 <span class=\"gmail-object\">septembre 2017<\/span><span class=\"gmail-apple-converted-space\">&#160;<\/span>\u00e0 10h<span class=\"gmail-apple-converted-space\">00<\/span><\/strong><\/span><span style=\"font-family:Helvetica,sans-serif\"><span class=\"gmail-apple-converted-space\"><span style=\"font-family:Helvetica,sans-serif\">. L\u2019accueil des participants se fera \u00e0 partir de <strong>9h00<\/strong>.<\/span><br \/>\n<\/span><\/span><br \/>\n<p class=\"MsoNormal\"><span style=\"font-size: larger;\"><span style=\"font-family: Helvetica,sans-serif; color: red;\">ATTENTION&#160;: Changement de lieu, un plan est disponible ici:&#160;<\/span><span style=\"font-family: Helvetica,sans-serif;\"> <\/span><\/span><span style=\"color: rgb(0, 0, 255);\"><span style=\"font-family: Helvetica,sans-serif;\"><a href=\"https:\/\/goo.gl\/maps\/VgbEijhgGEE2\"><span style=\"text-decoration:underline;\"><span style=\"font-size: larger;\">PLAN<\/span><\/span><\/a><\/span><\/span><span style=\"font-family:Helvetica,sans-serif\"><span style=\"color:black\"><br \/>\n<\/span><\/span><span style=\"font-size: larger;\"><strong><span style=\"font-family: Helvetica,sans-serif;\"><span style=\"color: black;\"><span style=\"font-family: Helvetica,sans-serif;\">Maison de quartier Ch\u00e2teau-Malo , 5 rue Paul-C\u00e9zanne \u2013 35400 Saint-Malo. <\/span><\/span><\/span><\/strong><\/span><span style=\"font-family:Helvetica,sans-serif\"><span style=\"color:black\">  <\/span><\/span><\/p>\n<p class=\"MsoNormal\"><span style=\"font-family:Helvetica,sans-serif;color:black\"><br \/>\nCette AG ne sera pas comme les autres, 20 Ans ne laissent pas indiff\u00e9rent \u2026 <\/span><\/p>\n<span style=\"font-family:Helvetica,sans-serif;color:black\"><span style=\"font-family:Helvetica,sans-serif;color:black\"> A la suite de l&rsquo;assembl\u00e9e,&#160; les personnes ayant donn\u00e9 r\u00e9ponses pour le repas, seront convi\u00e9es \u00e0 la Caf\u00e9t\u00e9ria de Cora &#8211; Saint-Jouan-des-Gu\u00e9rets<br \/>\n<\/span><\/span><br \/>\n<p class=\"MsoNormal\"><span style=\"font-family:Helvetica,sans-serif;color:black\"> Esp\u00e9rant vivement vous comptez parmi nous, bonne r\u00e9ception.<br \/>\n<br \/>\n<\/span><\/p>\n","protected":false},"excerpt":{"rendered":"<p>Assembl\u00e9e G\u00e9n\u00e9rale ARACE&#160;2017 Comme vous le savez, chaque ann\u00e9e se tient une Assembl\u00e9e G\u00e9n\u00e9rale. La date de celle-ci est fix\u00e9e \u00e0&#160; samedi prochain, 16 septembre 2017&#160;\u00e0 10h00. L\u2019accueil des participants se fera \u00e0 partir de 9h00. ATTENTION&#160;: Changement&#8230; <a class=\"read-more\" href=\"https:\/\/www.arace.fr\/index.php\/2017\/09\/14\/ag-2017\/\">Read More<\/a><\/p>\n","protected":false},"author":1,"featured_media":0,"comment_status":"open","ping_status":"open","sticky":false,"template":"","format":"standard","meta":{"ngg_post_thumbnail":0,"footnotes":""},"categories":[7],"tags":[],"class_list":["post-3516","post","type-post","status-publish","format-standard","hentry","category-nouvelles","no-comments"],"_links":{"self":[{"href":"https:\/\/www.arace.fr\/index.php\/wp-json\/wp\/v2\/posts\/3516","targetHints":{"allow":["GET"]}}],"collection":[{"href":"https:\/\/www.arace.fr\/index.php\/wp-json\/wp\/v2\/posts"}],"about":[{"href":"https:\/\/www.arace.fr\/index.php\/wp-json\/wp\/v2\/types\/post"}],"author":[{"embeddable":true,"href":"https:\/\/www.arace.fr\/index.php\/wp-json\/wp\/v2\/users\/1"}],"replies":[{"embeddable":true,"href":"https:\/\/www.arace.fr\/index.php\/wp-json\/wp\/v2\/comments?post=3516"}],"version-history":[{"count":1,"href":"https:\/\/www.arace.fr\/index.php\/wp-json\/wp\/v2\/posts\/3516\/revisions"}],"predecessor-version":[{"id":3517,"href":"https:\/\/www.arace.fr\/index.php\/wp-json\/wp\/v2\/posts\/3516\/revisions\/3517"}],"wp:attachment":[{"href":"https:\/\/www.arace.fr\/index.php\/wp-json\/wp\/v2\/media?parent=3516"}],"wp:term":[{"taxonomy":"category","embeddable":true,"href":"https:\/\/www.arace.fr\/index.php\/wp-json\/wp\/v2\/categories?post=3516"},{"taxonomy":"post_tag","embeddable":true,"href":"https:\/\/www.arace.fr\/index.php\/wp-json\/wp\/v2\/tags?post=3516"}],"curies":[{"name":"wp","href":"https:\/\/api.w.org\/{rel}","templated":true}]}}