{"id":3545,"date":"2018-07-17T18:49:00","date_gmt":"1970-01-01T00:00:00","guid":{"rendered":"https:\/\/www.arace.fr\/?p=3545"},"modified":"2018-07-17T18:49:00","modified_gmt":"1970-01-01T00:00:00","slug":"hamexpo-le-passage-de-licence-est-possible-lors-du-salon","status":"publish","type":"post","link":"https:\/\/www.arace.fr\/index.php\/2018\/07\/17\/hamexpo-le-passage-de-licence-est-possible-lors-du-salon\/","title":{"rendered":"HAMEXPO : Le passage de licence est possible lors du salon&#8230;"},"content":{"rendered":"\n<div style=\"text-align: center;\"><span style=\"font-size: xx-large;\"><strong><span style=\"color: rgb(51, 51, 51);\">HAMEXPO :<br \/>\nLe passage de licence est possible lors du salon&#8230;<\/span><\/strong><\/span><strong><span style=\"color: rgb(51, 51, 51);\"><span style=\"font-size: large;\"><br \/>\n<\/span><\/span><\/strong><\/div>\n<br \/>\n<div style=\"text-align: justify; margin-left: 130px;\">Le 13 Octobre prochain aura lieu le salon HAMEXPO du Mans.<br \/>\n<br \/>\nLe REF ouvre la possibilit\u00e9 de passer l&rsquo;examen HAREC sur place.<br \/>\nNul besoin d&rsquo;\u00eatre membre du REF pour pr\u00e9tendre \u00e0 l&rsquo;inscription.<br \/>\nUne fois inscrit, le r\u00e9c\u00e9piss\u00e9 que recevra le candidat vaudra entr\u00e9e gratuite au salon.<br \/>\n<br \/>\nAttention, le nombre de places est limit\u00e9 !<br \/>\nNe tardez pas \u00e0 vous inscrire&#8230;<br \/>\n<br \/>\n\u00ab\u00a0D&rsquo;autre part, et dans le cadre exclusif du budget du salon HAMEXPO 2018,<br \/>\nle conseil d&rsquo;administration du REF a d\u00e9cid\u00e9 de prendre en charge la moiti\u00e9<br \/>\ndes frais d&rsquo;examen, soit 15 \u20ac, que le candidat soit ou non membre du REF.<br \/>\nIl s&rsquo;agit pour nous de promouvoir le radioamateurisme sans distinction d\u2019appartenance,<br \/>\npour faciliter le renouvellement des g\u00e9n\u00e9rations et assurer la rel\u00e8ve.\u00a0\u00bb (REF)<br \/>\n<br \/>\n<br \/>\nPlus d&rsquo;info : <a href=\"https:\/\/examens.r-e-f.org\/\" target=\"_blank\" rel=\"noopener noreferrer\"> https:\/\/examens.r-e-f.org\/ <\/a><br \/>\n<span style=\"color: rgb(51, 51, 51);\"><span style=\"font-size: large;\"><br \/>\n<br \/>\n<br \/>\n<\/span><\/span><\/div>\n","protected":false},"excerpt":{"rendered":"<p>HAMEXPO : Le passage de licence est possible lors du salon&#8230; Le 13 Octobre prochain aura lieu le salon HAMEXPO du Mans. Le REF ouvre la possibilit\u00e9 de passer l&rsquo;examen HAREC sur place. Nul besoin d&rsquo;\u00eatre membre du&#8230; <a class=\"read-more\" href=\"https:\/\/www.arace.fr\/index.php\/2018\/07\/17\/hamexpo-le-passage-de-licence-est-possible-lors-du-salon\/\">Read More<\/a><\/p>\n","protected":false},"author":1,"featured_media":0,"comment_status":"open","ping_status":"open","sticky":false,"template":"","format":"standard","meta":{"ngg_post_thumbnail":0,"footnotes":""},"categories":[7],"tags":[],"class_list":["post-3545","post","type-post","status-publish","format-standard","hentry","category-nouvelles","no-comments"],"_links":{"self":[{"href":"https:\/\/www.arace.fr\/index.php\/wp-json\/wp\/v2\/posts\/3545","targetHints":{"allow":["GET"]}}],"collection":[{"href":"https:\/\/www.arace.fr\/index.php\/wp-json\/wp\/v2\/posts"}],"about":[{"href":"https:\/\/www.arace.fr\/index.php\/wp-json\/wp\/v2\/types\/post"}],"author":[{"embeddable":true,"href":"https:\/\/www.arace.fr\/index.php\/wp-json\/wp\/v2\/users\/1"}],"replies":[{"embeddable":true,"href":"https:\/\/www.arace.fr\/index.php\/wp-json\/wp\/v2\/comments?post=3545"}],"version-history":[{"count":1,"href":"https:\/\/www.arace.fr\/index.php\/wp-json\/wp\/v2\/posts\/3545\/revisions"}],"predecessor-version":[{"id":3546,"href":"https:\/\/www.arace.fr\/index.php\/wp-json\/wp\/v2\/posts\/3545\/revisions\/3546"}],"wp:attachment":[{"href":"https:\/\/www.arace.fr\/index.php\/wp-json\/wp\/v2\/media?parent=3545"}],"wp:term":[{"taxonomy":"category","embeddable":true,"href":"https:\/\/www.arace.fr\/index.php\/wp-json\/wp\/v2\/categories?post=3545"},{"taxonomy":"post_tag","embeddable":true,"href":"https:\/\/www.arace.fr\/index.php\/wp-json\/wp\/v2\/tags?post=3545"}],"curies":[{"name":"wp","href":"https:\/\/api.w.org\/{rel}","templated":true}]}}