{"id":3609,"date":"2019-02-13T11:27:00","date_gmt":"1970-01-01T00:00:00","guid":{"rendered":"https:\/\/www.arace.fr\/?p=3609"},"modified":"2020-04-10T18:59:49","modified_gmt":"2020-04-10T16:59:49","slug":"congres-2019-du-ref","status":"publish","type":"post","link":"https:\/\/www.arace.fr\/index.php\/2019\/02\/13\/congres-2019-du-ref\/","title":{"rendered":"Congres 2019 du REF"},"content":{"rendered":"\n<div style=\"text-align: center;\"><span style=\"font-size: larger;\"><span style=\"font-size: x-large;\">Congr\u00e8s 2019 du R\u00e9seau des Emetteurs Fran\u00e7ais<\/span><\/span><\/div>\n<br>\n<table cellspacing=\"1\" cellpadding=\"10\" align=\"center\" border=\"0\" width=\"608\">\n    <tbody>\n        <tr>\n            <td><a href=\"http:\/\/congres2019.r-e-f.org\" target=\"_blank\" rel=\"noopener noreferrer\"><img loading=\"lazy\" decoding=\"async\" src=\"\/wp-content\/uploads\/2020\/04\/congres.jpg\" alt=\"congres.jpg\" title=\"congres.jpg\" height=\"199\" border=\"0\" width=\"128\"><\/a><\/td>\n            <td style=\"text-align: left;\"><span style=\"font-size: larger;\">Ce site est consacr\u00e9 au congr\u00e8s 2019 du R\u00e9seau des Emetteurs Fran\u00e7ais  organis\u00e9 par ARACE, Association Locale du REF pour le d\u00e9partement 35.<br>\n            <br>\n            <br>\n            <\/span><span style=\"font-size: larger;\"><a href=\"http:\/\/congres2019.r-e-f.org\" target=\"_blank\" rel=\"noopener noreferrer\"><span style=\"text-decoration:underline;\"><span style=\"color: rgb(0, 0, 255);\"><span style=\"font-size: xx-large;\">congres2019.r-e-f.org<\/span><\/span><\/span><\/a><\/span><\/td>\n        <\/tr>\n        <tr>\n            <td colspan=\"2\" style=\"text-align: center;\">\n            <p><a href=\"http:\/\/congres2019.r-e-f.org\/index.php\/reservations\/\" target=\"_blank\" rel=\"noopener noreferrer\"><span style=\"text-decoration:underline;\"><span style=\"color: rgb(0, 0, 255);\"><span style=\"font-size: large;\">LE SITE DES R\u00c9SERVATIONS DU CONGR\u00c8S 2019 du REF<\/span><br>\n            <\/span><\/span><\/a><\/p>\n            <p><a href=\"http:\/\/congres2019.r-e-f.org\/index.php\/reservations\/\" target=\"_blank\" rel=\"noopener noreferrer\"><span style=\"text-decoration:underline;\"><span style=\"color: rgb(0, 0, 255);\"><span style=\"font-size: large;\">EST OUVERT<\/span><\/span><\/span><\/a><\/p>\n            <\/td>\n        <\/tr>\n        <tr>\n            <td colspan=\"2\" style=\"text-align: center;\"><span style=\"text-decoration:underline;\"><span style=\"color: rgb(0, 0, 255);\"><span style=\"font-size: xx-large;\"><a href=\"http:\/\/congres2019.r-e-f.org\/index.php\/reservations\/\" target=\"_blank\" rel=\"noopener noreferrer\"><img loading=\"lazy\" decoding=\"async\" src=\"\/wp-content\/uploads\/2020\/04\/inscriptions.jpg\" alt=\"inscriptions.jpg\" title=\"inscriptions.jpg\" align=\"middle\" height=\"203\" border=\"0\" width=\"354\"><\/a><\/span><\/span><\/span><\/td>\n        <\/tr>\n    <\/tbody>\n<\/table>\n","protected":false},"excerpt":{"rendered":"<p>Congr\u00e8s 2019 du R\u00e9seau des Emetteurs Fran\u00e7ais Ce site est consacr\u00e9 au congr\u00e8s 2019 du R\u00e9seau des Emetteurs Fran\u00e7ais organis\u00e9 par ARACE, Association Locale du REF pour le d\u00e9partement 35. congres2019.r-e-f.org LE SITE DES R\u00c9SERVATIONS DU CONGR\u00c8S 2019&#8230; <a class=\"read-more\" href=\"https:\/\/www.arace.fr\/index.php\/2019\/02\/13\/congres-2019-du-ref\/\">Read More<\/a><\/p>\n","protected":false},"author":1,"featured_media":0,"comment_status":"open","ping_status":"open","sticky":false,"template":"","format":"standard","meta":{"ngg_post_thumbnail":0,"footnotes":""},"categories":[7],"tags":[],"class_list":["post-3609","post","type-post","status-publish","format-standard","hentry","category-nouvelles","no-comments"],"_links":{"self":[{"href":"https:\/\/www.arace.fr\/index.php\/wp-json\/wp\/v2\/posts\/3609","targetHints":{"allow":["GET"]}}],"collection":[{"href":"https:\/\/www.arace.fr\/index.php\/wp-json\/wp\/v2\/posts"}],"about":[{"href":"https:\/\/www.arace.fr\/index.php\/wp-json\/wp\/v2\/types\/post"}],"author":[{"embeddable":true,"href":"https:\/\/www.arace.fr\/index.php\/wp-json\/wp\/v2\/users\/1"}],"replies":[{"embeddable":true,"href":"https:\/\/www.arace.fr\/index.php\/wp-json\/wp\/v2\/comments?post=3609"}],"version-history":[{"count":2,"href":"https:\/\/www.arace.fr\/index.php\/wp-json\/wp\/v2\/posts\/3609\/revisions"}],"predecessor-version":[{"id":3754,"href":"https:\/\/www.arace.fr\/index.php\/wp-json\/wp\/v2\/posts\/3609\/revisions\/3754"}],"wp:attachment":[{"href":"https:\/\/www.arace.fr\/index.php\/wp-json\/wp\/v2\/media?parent=3609"}],"wp:term":[{"taxonomy":"category","embeddable":true,"href":"https:\/\/www.arace.fr\/index.php\/wp-json\/wp\/v2\/categories?post=3609"},{"taxonomy":"post_tag","embeddable":true,"href":"https:\/\/www.arace.fr\/index.php\/wp-json\/wp\/v2\/tags?post=3609"}],"curies":[{"name":"wp","href":"https:\/\/api.w.org\/{rel}","templated":true}]}}