{"id":3880,"date":"2020-04-16T14:21:50","date_gmt":"2020-04-16T12:21:50","guid":{"rendered":"https:\/\/www.arace.fr\/?p=3880"},"modified":"2020-04-16T14:22:25","modified_gmt":"2020-04-16T12:22:25","slug":"friedrichshafen-annule","status":"publish","type":"post","link":"https:\/\/www.arace.fr\/index.php\/2020\/04\/16\/friedrichshafen-annule\/","title":{"rendered":"Friedrichshafen annul\u00e9"},"content":{"rendered":"\n<div class=\"wp-block-group\"><div class=\"wp-block-group__inner-container is-layout-flow wp-block-group-is-layout-flow\">\n<div class=\"wp-block-image\"><figure class=\"alignleft size-large is-resized\"><img loading=\"lazy\" decoding=\"async\" src=\"https:\/\/d2csxpduxe849s.cloudfront.net\/media\/84F7BC4A-7BF1-4F62-8277FC9280A6992D\/7AD7AD08-64CD-4F84-821498424B27A55A\/webimage-F63BFA2D-716B-4C61-81AAA534843DA4D0.png\" alt=\"\" width=\"102\" height=\"102\"\/><\/figure><\/div>\n\n\n\n<p>Dans la longue liste des manifestations radios amateurs d\u00e9j\u00e0 annul\u00e9es, la plus fameuse n&rsquo;a pas \u00e9chapp\u00e9 au COVID-19.<br><strong>Friedrichshafen est donc annul\u00e9.<\/strong><\/p>\n<\/div><\/div>\n\n\n\n<blockquote class=\"wp-block-quote is-style-default is-layout-flow wp-block-quote-is-layout-flow\"><p><em>Press Releases<br><br>Radio silence due to coronavirus COVID-19: Ham Radio not taking place as planned<\/em><\/p><p><em>15.04.2020<br>Friedrichshafen \u2013 Due to current developments in regard to the spread of coronavirus COVID-19, Messe Friedrichshafen has been forced to make a very difficult decision: the international amateur radio exhibition Ham Radio will not be taking place in the planned period of June 26 to 28, 2020, but instead from June 25 to 27, 2021. The Federal Government and the Minister-Presidents of the L\u00e4nder decided yesterday, April 15 that no major events shall take place until August 31, 2020<\/em>.<\/p><cite>Source: <a href=\"https:\/\/www.hamradio-friedrichshafen.com\/for-press\/press-releases\/details\/?tx_pressreleases_pressreleasesdetail%5Bid%5D=545&amp;tx_pressreleases_pressreleasesdetail%5Baction%5D=detail&amp;tx_pressreleases_pressreleasesdetail%5Bcontroller%5D=PressReleases&amp;cHash=12f3bb66ea155ad951fcffc1109a6037\" target=\"_blank\" rel=\"noreferrer noopener\">https:\/\/www.hamradio-friedrichshafen.com\/<\/a><\/cite><\/blockquote>\n","protected":false},"excerpt":{"rendered":"<p>Dans la longue liste des manifestations radios amateurs d\u00e9j\u00e0 annul\u00e9es, la plus fameuse n&rsquo;a pas \u00e9chapp\u00e9 au COVID-19.Friedrichshafen est donc annul\u00e9. Press Releases Radio silence due to coronavirus COVID-19: Ham Radio not taking place as planned 15.04.2020Friedrichshafen \u2013&#8230; <a class=\"read-more\" href=\"https:\/\/www.arace.fr\/index.php\/2020\/04\/16\/friedrichshafen-annule\/\">Read More<\/a><\/p>\n","protected":false},"author":1,"featured_media":0,"comment_status":"open","ping_status":"open","sticky":false,"template":"","format":"standard","meta":{"ngg_post_thumbnail":0,"footnotes":""},"categories":[7],"tags":[],"class_list":["post-3880","post","type-post","status-publish","format-standard","hentry","category-nouvelles"],"_links":{"self":[{"href":"https:\/\/www.arace.fr\/index.php\/wp-json\/wp\/v2\/posts\/3880","targetHints":{"allow":["GET"]}}],"collection":[{"href":"https:\/\/www.arace.fr\/index.php\/wp-json\/wp\/v2\/posts"}],"about":[{"href":"https:\/\/www.arace.fr\/index.php\/wp-json\/wp\/v2\/types\/post"}],"author":[{"embeddable":true,"href":"https:\/\/www.arace.fr\/index.php\/wp-json\/wp\/v2\/users\/1"}],"replies":[{"embeddable":true,"href":"https:\/\/www.arace.fr\/index.php\/wp-json\/wp\/v2\/comments?post=3880"}],"version-history":[{"count":11,"href":"https:\/\/www.arace.fr\/index.php\/wp-json\/wp\/v2\/posts\/3880\/revisions"}],"predecessor-version":[{"id":3891,"href":"https:\/\/www.arace.fr\/index.php\/wp-json\/wp\/v2\/posts\/3880\/revisions\/3891"}],"wp:attachment":[{"href":"https:\/\/www.arace.fr\/index.php\/wp-json\/wp\/v2\/media?parent=3880"}],"wp:term":[{"taxonomy":"category","embeddable":true,"href":"https:\/\/www.arace.fr\/index.php\/wp-json\/wp\/v2\/categories?post=3880"},{"taxonomy":"post_tag","embeddable":true,"href":"https:\/\/www.arace.fr\/index.php\/wp-json\/wp\/v2\/tags?post=3880"}],"curies":[{"name":"wp","href":"https:\/\/api.w.org\/{rel}","templated":true}]}}