{"id":5379,"date":"2022-10-14T20:29:30","date_gmt":"2022-10-14T18:29:30","guid":{"rendered":"https:\/\/www.arace.fr\/?p=5379"},"modified":"2022-10-14T20:29:31","modified_gmt":"2022-10-14T18:29:31","slug":"journee-preparatoire-tm8r-2","status":"publish","type":"post","link":"https:\/\/www.arace.fr\/index.php\/2022\/10\/14\/journee-preparatoire-tm8r-2\/","title":{"rendered":"Journ\u00e9e pr\u00e9paratoire TM8R"},"content":{"rendered":"<div class=\"wp-block-image\">\n<figure class=\"alignleft size-large is-resized\"><img loading=\"lazy\" decoding=\"async\" src=\"https:\/\/www.arace.fr\/wp-content\/uploads\/2022\/09\/15_oct-1024x1024.jpg\" alt=\"\" class=\"wp-image-5363\" width=\"120\" height=\"120\" srcset=\"https:\/\/www.arace.fr\/wp-content\/uploads\/2022\/09\/15_oct-1024x1024.jpg 1024w, https:\/\/www.arace.fr\/wp-content\/uploads\/2022\/09\/15_oct-300x300.jpg 300w, https:\/\/www.arace.fr\/wp-content\/uploads\/2022\/09\/15_oct-150x150.jpg 150w, https:\/\/www.arace.fr\/wp-content\/uploads\/2022\/09\/15_oct-768x768.jpg 768w, https:\/\/www.arace.fr\/wp-content\/uploads\/2022\/09\/15_oct-1536x1536.jpg 1536w, https:\/\/www.arace.fr\/wp-content\/uploads\/2022\/09\/15_oct-1800x1800.jpg 1800w, https:\/\/www.arace.fr\/wp-content\/uploads\/2022\/09\/15_oct-1200x1200.jpg 1200w, https:\/\/www.arace.fr\/wp-content\/uploads\/2022\/09\/15_oct-640x640.jpg 640w, https:\/\/www.arace.fr\/wp-content\/uploads\/2022\/09\/15_oct-1320x1320.jpg 1320w, https:\/\/www.arace.fr\/wp-content\/uploads\/2022\/09\/15_oct.jpg 1920w\" sizes=\"auto, (max-width: 120px) 100vw, 120px\" \/><\/figure>\n<\/div>\n\n\n<p><strong><mark style=\"background-color:rgba(0, 0, 0, 0)\" class=\"has-inline-color has-vivid-red-color\">RAPPEL:<\/mark><\/strong> Amis participants \u00e0 TM8R, ce samedi 15 octobre \u00e0 partir de 9h00 au Radio-Club de l\u2019ARACE, journ\u00e9e pr\u00e9paratoire d\u2019une part pour v\u00e9rifier le mat\u00e9riel pr\u00e9vu sur site et d\u2019autre part pour faire un briefing sur le fonctionnement des \u00e9quipements et logiciels qui seront utilis\u00e9s.<\/p>\n","protected":false},"excerpt":{"rendered":"<p>RAPPEL: Amis participants \u00e0 TM8R, ce samedi 15 octobre \u00e0 partir de 9h00 au Radio-Club de l\u2019ARACE, journ\u00e9e pr\u00e9paratoire d\u2019une part pour v\u00e9rifier le mat\u00e9riel pr\u00e9vu sur site et d\u2019autre part pour faire un briefing sur le fonctionnement&#8230; <a class=\"read-more\" href=\"https:\/\/www.arace.fr\/index.php\/2022\/10\/14\/journee-preparatoire-tm8r-2\/\">Read More<\/a><\/p>\n","protected":false},"author":1,"featured_media":0,"comment_status":"open","ping_status":"open","sticky":false,"template":"","format":"standard","meta":{"ngg_post_thumbnail":0,"footnotes":""},"categories":[7],"tags":[],"class_list":["post-5379","post","type-post","status-publish","format-standard","hentry","category-nouvelles","no-comments"],"_links":{"self":[{"href":"https:\/\/www.arace.fr\/index.php\/wp-json\/wp\/v2\/posts\/5379","targetHints":{"allow":["GET"]}}],"collection":[{"href":"https:\/\/www.arace.fr\/index.php\/wp-json\/wp\/v2\/posts"}],"about":[{"href":"https:\/\/www.arace.fr\/index.php\/wp-json\/wp\/v2\/types\/post"}],"author":[{"embeddable":true,"href":"https:\/\/www.arace.fr\/index.php\/wp-json\/wp\/v2\/users\/1"}],"replies":[{"embeddable":true,"href":"https:\/\/www.arace.fr\/index.php\/wp-json\/wp\/v2\/comments?post=5379"}],"version-history":[{"count":2,"href":"https:\/\/www.arace.fr\/index.php\/wp-json\/wp\/v2\/posts\/5379\/revisions"}],"predecessor-version":[{"id":5381,"href":"https:\/\/www.arace.fr\/index.php\/wp-json\/wp\/v2\/posts\/5379\/revisions\/5381"}],"wp:attachment":[{"href":"https:\/\/www.arace.fr\/index.php\/wp-json\/wp\/v2\/media?parent=5379"}],"wp:term":[{"taxonomy":"category","embeddable":true,"href":"https:\/\/www.arace.fr\/index.php\/wp-json\/wp\/v2\/categories?post=5379"},{"taxonomy":"post_tag","embeddable":true,"href":"https:\/\/www.arace.fr\/index.php\/wp-json\/wp\/v2\/tags?post=5379"}],"curies":[{"name":"wp","href":"https:\/\/api.w.org\/{rel}","templated":true}]}}