{"id":5824,"date":"2023-05-07T19:14:13","date_gmt":"2023-05-07T17:14:13","guid":{"rendered":"https:\/\/www.arace.fr\/?p=5824"},"modified":"2023-05-07T19:14:14","modified_gmt":"2023-05-07T17:14:14","slug":"arace-au-mont-dol","status":"publish","type":"post","link":"https:\/\/www.arace.fr\/index.php\/2023\/05\/07\/arace-au-mont-dol\/","title":{"rendered":"<a href=\"https:\/\/www.arace.fr\/index.php\/2022\/05\/07\/larace-au-mont-dol\/\">ARACE au Mont-Dol<\/a>"},"content":{"rendered":"<div class=\"wp-block-image\">\n<figure class=\"alignleft size-full is-resized\"><img loading=\"lazy\" decoding=\"async\" src=\"https:\/\/www.arace.fr\/wp-content\/uploads\/2022\/05\/cropped-logo-gd-transparent2.png\" alt=\"\" class=\"wp-image-5036\" width=\"270\" height=\"124\" srcset=\"https:\/\/www.arace.fr\/wp-content\/uploads\/2022\/05\/cropped-logo-gd-transparent2.png 862w, https:\/\/www.arace.fr\/wp-content\/uploads\/2022\/05\/cropped-logo-gd-transparent2-300x139.png 300w, https:\/\/www.arace.fr\/wp-content\/uploads\/2022\/05\/cropped-logo-gd-transparent2-768x355.png 768w, https:\/\/www.arace.fr\/wp-content\/uploads\/2022\/05\/cropped-logo-gd-transparent2-640x295.png 640w\" sizes=\"auto, (max-width: 270px) 100vw, 270px\" \/><\/figure>\n<\/div>\n\n\n<p>L\u2019ARACE organise un week-end de d\u00e9monstration ouvertes \u00e0 tous publics dans le domaine du radio amateurisme, du vendredi 12 au 15 mai dans le magnifique site du Mont Dol.<\/p>\n\n\n\n<p><\/p>\n\n\n\n<p>&#8211; L&rsquo;apr\u00e8s-midi du vendredi 12 mai est consacr\u00e9e \u00e0 l&rsquo;installation<br>&#8211; Le samedi et le dimanche sont les journ\u00e9es grand public<br>&#8211; La matin\u00e9e du lundi 15 mai est consacr\u00e9e aux enfants de l&rsquo;\u00e9cole primaire du Mont Dol<br>&#8211; L&rsquo;apr\u00e8s-midi du lundi 15 mai est consacr\u00e9e au d\u00e9montage<\/p>\n\n\n\n<p>Les visiteurs pourront d\u00e9couvrir en conditions r\u00e9elles un ensemble de technologies de radiocommunications des plus anciennes aux plus r\u00e9centes.<\/p>\n\n\n<div class=\"wp-block-image\">\n<figure class=\"aligncenter size-full\"><a href=\"https:\/\/www.mont-dol.fr\/index.php\/events\/animation-par-lassociation-des-radios-amateurs-de-la-cote-demeraude-du-12-au-15-mai\/\" target=\"_blank\" rel=\"noreferrer noopener\"><img loading=\"lazy\" decoding=\"async\" width=\"760\" height=\"745\" src=\"https:\/\/www.arace.fr\/wp-content\/uploads\/2023\/05\/mont-dol-2023.jpg\" alt=\"\" class=\"wp-image-5825\" srcset=\"https:\/\/www.arace.fr\/wp-content\/uploads\/2023\/05\/mont-dol-2023.jpg 760w, https:\/\/www.arace.fr\/wp-content\/uploads\/2023\/05\/mont-dol-2023-300x294.jpg 300w, https:\/\/www.arace.fr\/wp-content\/uploads\/2023\/05\/mont-dol-2023-640x627.jpg 640w\" sizes=\"auto, (max-width: 760px) 100vw, 760px\" \/><\/a><figcaption class=\"wp-element-caption\"><a href=\"https:\/\/www.mont-dol.fr\/index.php\/events\/animation-par-lassociation-des-radios-amateurs-de-la-cote-demeraude-du-12-au-15-mai\/\" target=\"_blank\" rel=\"noreferrer noopener\">Voir l\u2019article<em>\u00a0sur www.mont-dol.fr<\/em><\/a><\/figcaption><\/figure>\n<\/div>","protected":false},"excerpt":{"rendered":"<p>L\u2019ARACE organise un week-end de d\u00e9monstration ouvertes \u00e0 tous publics dans le domaine du radio amateurisme, du vendredi 12 au 15 mai dans le magnifique site du Mont Dol. &#8211; L&rsquo;apr\u00e8s-midi du vendredi 12 mai est consacr\u00e9e \u00e0&#8230; <a class=\"read-more\" href=\"https:\/\/www.arace.fr\/index.php\/2023\/05\/07\/arace-au-mont-dol\/\">Read More<\/a><\/p>\n","protected":false},"author":1,"featured_media":0,"comment_status":"open","ping_status":"open","sticky":false,"template":"","format":"standard","meta":{"ngg_post_thumbnail":0,"footnotes":""},"categories":[7],"tags":[],"class_list":["post-5824","post","type-post","status-publish","format-standard","hentry","category-nouvelles","no-comments"],"_links":{"self":[{"href":"https:\/\/www.arace.fr\/index.php\/wp-json\/wp\/v2\/posts\/5824","targetHints":{"allow":["GET"]}}],"collection":[{"href":"https:\/\/www.arace.fr\/index.php\/wp-json\/wp\/v2\/posts"}],"about":[{"href":"https:\/\/www.arace.fr\/index.php\/wp-json\/wp\/v2\/types\/post"}],"author":[{"embeddable":true,"href":"https:\/\/www.arace.fr\/index.php\/wp-json\/wp\/v2\/users\/1"}],"replies":[{"embeddable":true,"href":"https:\/\/www.arace.fr\/index.php\/wp-json\/wp\/v2\/comments?post=5824"}],"version-history":[{"count":2,"href":"https:\/\/www.arace.fr\/index.php\/wp-json\/wp\/v2\/posts\/5824\/revisions"}],"predecessor-version":[{"id":5827,"href":"https:\/\/www.arace.fr\/index.php\/wp-json\/wp\/v2\/posts\/5824\/revisions\/5827"}],"wp:attachment":[{"href":"https:\/\/www.arace.fr\/index.php\/wp-json\/wp\/v2\/media?parent=5824"}],"wp:term":[{"taxonomy":"category","embeddable":true,"href":"https:\/\/www.arace.fr\/index.php\/wp-json\/wp\/v2\/categories?post=5824"},{"taxonomy":"post_tag","embeddable":true,"href":"https:\/\/www.arace.fr\/index.php\/wp-json\/wp\/v2\/tags?post=5824"}],"curies":[{"name":"wp","href":"https:\/\/api.w.org\/{rel}","templated":true}]}}