{"id":6334,"date":"2025-06-03T21:22:01","date_gmt":"2025-06-03T19:22:01","guid":{"rendered":"https:\/\/www.arace.fr\/?p=6334"},"modified":"2025-06-03T21:27:13","modified_gmt":"2025-06-03T19:27:13","slug":"inauguration-relais-dmr","status":"publish","type":"post","link":"https:\/\/www.arace.fr\/index.php\/2025\/06\/03\/inauguration-relais-dmr\/","title":{"rendered":"Inauguration relais DMR"},"content":{"rendered":"\n<p>Ce lundi 2 juin, c&rsquo;\u00e9tait l&rsquo;inauguration du relais DMR, dit relais Saint-Malo de la c\u00f4te d&rsquo;\u00c9meraude F6ZCL, mis \u00e0 disposition de notre association par F4VWS, Robert.<\/p>\n\n\n\nngg_shortcode_0_placeholder\n\n\n\n<p>Inauguration en pr\u00e9sence de monsieur Gilles LURTON, Maire de Saint-Malo et pr\u00e9sident de l&rsquo;agglom\u00e9ration, de madame Isabelle DUPUIS, adjointe \u00e0 la culture, de madame Sophie LAUDE, adjointe charg\u00e9e des associations, de madame Isabelle EMPTOZ, directrice formation du lyc\u00e9e technique La Providence, de monsieur Yann FERRON, professeur d&rsquo;\u00e9lectronique au lyc\u00e9e La Providence et de monsieur Simon ARCHIPENKO, pr\u00e9sident des auditeurs IHEDN de haute Bretagne.<\/p>\n\n\n\n<div style=\"height:44px\" aria-hidden=\"true\" class=\"wp-block-spacer\"><\/div>\n\n\n\n<div class=\"wp-block-cover aligncenter wp-duotone-dark-grayscale\" style=\"min-height:350px;aspect-ratio:unset;\"><span aria-hidden=\"true\" class=\"wp-block-cover__background has-background-dim\" style=\"background-color:#00008f\"><\/span><img loading=\"lazy\" decoding=\"async\" width=\"510\" height=\"598\" class=\"wp-block-cover__image-background wp-image-4957\" alt=\"\" src=\"https:\/\/www.arace.fr\/wp-content\/uploads\/2021\/11\/repeteur.png\" data-object-fit=\"cover\" srcset=\"https:\/\/www.arace.fr\/wp-content\/uploads\/2021\/11\/repeteur.png 510w, https:\/\/www.arace.fr\/wp-content\/uploads\/2021\/11\/repeteur-256x300.png 256w\" sizes=\"auto, (max-width: 510px) 100vw, 510px\" \/><div class=\"wp-block-cover__inner-container is-layout-constrained wp-block-cover-is-layout-constrained\">\n<p class=\"has-text-align-center has-large-font-size\"><strong>Relais DMR F6ZCL<br>439.16250<br>431.56250<br>CC1 St Malo IN88XP<\/strong><\/p>\n<\/div><\/div>\n\n\n\n<div style=\"height:24px\" aria-hidden=\"true\" class=\"wp-block-spacer\"><\/div>\n\n\n\n<p class=\"has-text-align-center\"><strong>Merci Robert pour la mise \u00e0 disposition du relais et sa pr\u00e9sentation.<\/strong><\/p>\n\n\n\n<p><\/p>\n","protected":false},"excerpt":{"rendered":"<p>Ce lundi 2 juin, c&rsquo;\u00e9tait l&rsquo;inauguration du relais DMR, dit relais Saint-Malo de la c\u00f4te d&rsquo;\u00c9meraude F6ZCL, mis \u00e0 disposition de notre association par F4VWS, Robert. Inauguration en pr\u00e9sence de monsieur Gilles LURTON, Maire de Saint-Malo et pr\u00e9sident&#8230; <a class=\"read-more\" href=\"https:\/\/www.arace.fr\/index.php\/2025\/06\/03\/inauguration-relais-dmr\/\">Read More<\/a><\/p>\n","protected":false},"author":1,"featured_media":0,"comment_status":"open","ping_status":"open","sticky":false,"template":"","format":"standard","meta":{"ngg_post_thumbnail":0,"footnotes":""},"categories":[7],"tags":[],"class_list":["post-6334","post","type-post","status-publish","format-standard","hentry","category-nouvelles","no-comments"],"_links":{"self":[{"href":"https:\/\/www.arace.fr\/index.php\/wp-json\/wp\/v2\/posts\/6334","targetHints":{"allow":["GET"]}}],"collection":[{"href":"https:\/\/www.arace.fr\/index.php\/wp-json\/wp\/v2\/posts"}],"about":[{"href":"https:\/\/www.arace.fr\/index.php\/wp-json\/wp\/v2\/types\/post"}],"author":[{"embeddable":true,"href":"https:\/\/www.arace.fr\/index.php\/wp-json\/wp\/v2\/users\/1"}],"replies":[{"embeddable":true,"href":"https:\/\/www.arace.fr\/index.php\/wp-json\/wp\/v2\/comments?post=6334"}],"version-history":[{"count":10,"href":"https:\/\/www.arace.fr\/index.php\/wp-json\/wp\/v2\/posts\/6334\/revisions"}],"predecessor-version":[{"id":6344,"href":"https:\/\/www.arace.fr\/index.php\/wp-json\/wp\/v2\/posts\/6334\/revisions\/6344"}],"wp:attachment":[{"href":"https:\/\/www.arace.fr\/index.php\/wp-json\/wp\/v2\/media?parent=6334"}],"wp:term":[{"taxonomy":"category","embeddable":true,"href":"https:\/\/www.arace.fr\/index.php\/wp-json\/wp\/v2\/categories?post=6334"},{"taxonomy":"post_tag","embeddable":true,"href":"https:\/\/www.arace.fr\/index.php\/wp-json\/wp\/v2\/tags?post=6334"}],"curies":[{"name":"wp","href":"https:\/\/api.w.org\/{rel}","templated":true}]}}