{"id":6398,"date":"2025-08-30T00:13:49","date_gmt":"2025-08-29T22:13:49","guid":{"rendered":"https:\/\/www.arace.fr\/?p=6398"},"modified":"2025-08-30T00:13:50","modified_gmt":"2025-08-29T22:13:50","slug":"dans-les-lycees-de-saint-malo-tout-le-monde-est-sur-le-pont-pour-la-rentree","status":"publish","type":"post","link":"https:\/\/www.arace.fr\/index.php\/2025\/08\/30\/dans-les-lycees-de-saint-malo-tout-le-monde-est-sur-le-pont-pour-la-rentree\/","title":{"rendered":"Dans les lyc\u00e9es de Saint-Malo, tout le monde est sur le pont pour la rentr\u00e9e"},"content":{"rendered":"\n<p>\u00c0 Saint-Malo (Ille-et-Vilaine), les personnels de direction ont retrouv\u00e9 le chemin du lyc\u00e9e depuis plus d\u2019une semaine pour pr\u00e9parer la rentr\u00e9e du lundi 1er septembre 2025. Nettoyage, emplois du temps, \u00e9quipements informatiques, pr\u00e9-rentr\u00e9e\u2026 le travail ne manque pas. Comme \u00e0 l\u2019Institution et la Providence, par exemple.<\/p>\n\n\n\n<figure class=\"wp-block-image size-large\"><a href=\"https:\/\/www.arace.fr\/wp-content\/uploads\/2025\/08\/Image-XLARGE-31257924.jpg\" target=\"_blank\" rel=\" noreferrer noopener\"><img loading=\"lazy\" decoding=\"async\" width=\"1024\" height=\"509\" src=\"https:\/\/www.arace.fr\/wp-content\/uploads\/2025\/08\/Image-XLARGE-31257924-1024x509.jpg\" alt=\"\" class=\"wp-image-6399\" srcset=\"https:\/\/www.arace.fr\/wp-content\/uploads\/2025\/08\/Image-XLARGE-31257924-1024x509.jpg 1024w, https:\/\/www.arace.fr\/wp-content\/uploads\/2025\/08\/Image-XLARGE-31257924-300x149.jpg 300w, https:\/\/www.arace.fr\/wp-content\/uploads\/2025\/08\/Image-XLARGE-31257924-768x382.jpg 768w, https:\/\/www.arace.fr\/wp-content\/uploads\/2025\/08\/Image-XLARGE-31257924-1536x764.jpg 1536w, https:\/\/www.arace.fr\/wp-content\/uploads\/2025\/08\/Image-XLARGE-31257924-1800x895.jpg 1800w, https:\/\/www.arace.fr\/wp-content\/uploads\/2025\/08\/Image-XLARGE-31257924-640x318.jpg 640w, https:\/\/www.arace.fr\/wp-content\/uploads\/2025\/08\/Image-XLARGE-31257924-1320x656.jpg 1320w, https:\/\/www.arace.fr\/wp-content\/uploads\/2025\/08\/Image-XLARGE-31257924.jpg 1901w\" sizes=\"auto, (max-width: 1024px) 100vw, 1024px\" \/><\/a><\/figure>\n\n\n\n<h2 class=\"wp-block-heading\"><a><\/a> Un club radio amateur<\/h2>\n\n\n\n<p>Grosse rentr\u00e9e aussi pour Isabelle Emptoz, directrice d\u00e9l\u00e9gu\u00e9e aux formations technologiques et professionnelles&nbsp;: STMG (sciences et technologies du management et de la gestion) \u00e0 l\u2019Institution, Ciel (cybers\u00e9curit\u00e9 informatique \u00e9lectronique), TEB (technicien d\u2019\u00e9tudes du b\u00e2timent), et commerce, accueil, vente.&nbsp;<strong>\ufeff<\/strong><strong>\u00ab&nbsp;Des fili\u00e8res adapt\u00e9es aux besoins du territoire.&nbsp;\u00bb<\/strong><\/p>\n\n\n\n<p><strong>\u00ab&nbsp;Un projet a par ailleurs \u00e9t\u00e9 valid\u00e9 par la pr\u00e9fecture. Celui d\u2019un<\/strong><a href=\"https:\/\/www.ouest-france.fr\/bretagne\/saint-malo-35400\/les-radioamateurs-ont-aussi-leur-village-aleth-6046268\" target=\"_blank\" rel=\"noreferrer noopener\"><strong>&nbsp;club radio amateur<\/strong><\/a><strong>, avec une licence \u00e0 la cl\u00e9.&nbsp;\u00bb<\/strong>&nbsp;Mais pour l\u2019instant, la directrice veille \u00e0 ce que les plateaux techniques soient pr\u00eats, le mat\u00e9riel du studio radio ou de maintenance \u00e9lectronique livr\u00e9s.<\/p>\n\n\n\n<p><em>Extrait de OUEST FRANCE du 29 ao\u00fbt 2025, version num\u00e9rique, \u00e9dition Saint Malo<\/em><\/p>\n","protected":false},"excerpt":{"rendered":"<p>\u00c0 Saint-Malo (Ille-et-Vilaine), les personnels de direction ont retrouv\u00e9 le chemin du lyc\u00e9e depuis plus d\u2019une semaine pour pr\u00e9parer la rentr\u00e9e du lundi 1er septembre 2025. Nettoyage, emplois du temps, \u00e9quipements informatiques, pr\u00e9-rentr\u00e9e\u2026 le travail ne manque pas&#8230;. <a class=\"read-more\" href=\"https:\/\/www.arace.fr\/index.php\/2025\/08\/30\/dans-les-lycees-de-saint-malo-tout-le-monde-est-sur-le-pont-pour-la-rentree\/\">Read More<\/a><\/p>\n","protected":false},"author":1,"featured_media":0,"comment_status":"open","ping_status":"open","sticky":false,"template":"","format":"standard","meta":{"ngg_post_thumbnail":0,"footnotes":""},"categories":[7],"tags":[],"class_list":["post-6398","post","type-post","status-publish","format-standard","hentry","category-nouvelles","no-comments"],"_links":{"self":[{"href":"https:\/\/www.arace.fr\/index.php\/wp-json\/wp\/v2\/posts\/6398","targetHints":{"allow":["GET"]}}],"collection":[{"href":"https:\/\/www.arace.fr\/index.php\/wp-json\/wp\/v2\/posts"}],"about":[{"href":"https:\/\/www.arace.fr\/index.php\/wp-json\/wp\/v2\/types\/post"}],"author":[{"embeddable":true,"href":"https:\/\/www.arace.fr\/index.php\/wp-json\/wp\/v2\/users\/1"}],"replies":[{"embeddable":true,"href":"https:\/\/www.arace.fr\/index.php\/wp-json\/wp\/v2\/comments?post=6398"}],"version-history":[{"count":1,"href":"https:\/\/www.arace.fr\/index.php\/wp-json\/wp\/v2\/posts\/6398\/revisions"}],"predecessor-version":[{"id":6400,"href":"https:\/\/www.arace.fr\/index.php\/wp-json\/wp\/v2\/posts\/6398\/revisions\/6400"}],"wp:attachment":[{"href":"https:\/\/www.arace.fr\/index.php\/wp-json\/wp\/v2\/media?parent=6398"}],"wp:term":[{"taxonomy":"category","embeddable":true,"href":"https:\/\/www.arace.fr\/index.php\/wp-json\/wp\/v2\/categories?post=6398"},{"taxonomy":"post_tag","embeddable":true,"href":"https:\/\/www.arace.fr\/index.php\/wp-json\/wp\/v2\/tags?post=6398"}],"curies":[{"name":"wp","href":"https:\/\/api.w.org\/{rel}","templated":true}]}}