{"id":6575,"date":"2026-04-27T16:35:44","date_gmt":"2026-04-27T14:35:44","guid":{"rendered":"https:\/\/www.arace.fr\/?p=6575"},"modified":"2026-04-28T12:06:02","modified_gmt":"2026-04-28T10:06:02","slug":"__trashed-4","status":"publish","type":"post","link":"https:\/\/www.arace.fr\/index.php\/2026\/04\/27\/__trashed-4\/","title":{"rendered":"D\u00e9couvrez le radio amateurisme au Mont-Dol"},"content":{"rendered":"\n<div class=\"wp-block-group is-vertical is-layout-flex wp-container-core-group-is-layout-8cf370e7 wp-block-group-is-layout-flex\">\n<div class=\"wp-block-columns is-layout-flex wp-container-core-columns-is-layout-9d6595d7 wp-block-columns-is-layout-flex\">\n<div class=\"wp-block-column is-layout-flow wp-block-column-is-layout-flow\" style=\"flex-basis:100%\"><\/div>\n<\/div>\n\n\n\n<div class=\"wp-block-columns is-layout-flex wp-container-core-columns-is-layout-9d6595d7 wp-block-columns-is-layout-flex\">\n<div class=\"wp-block-column is-layout-flow wp-block-column-is-layout-flow\"><\/div>\n\n\n\n<div class=\"wp-block-column is-layout-flow wp-block-column-is-layout-flow\"><\/div>\n\n\n\n<div class=\"wp-block-column is-layout-flow wp-block-column-is-layout-flow\"><\/div>\n<\/div>\n\n\n\n<div class=\"wp-block-media-text is-stacked-on-mobile\" style=\"grid-template-columns:43% auto\"><figure class=\"wp-block-media-text__media\"><img loading=\"lazy\" decoding=\"async\" width=\"1024\" height=\"768\" src=\"https:\/\/www.arace.fr\/wp-content\/uploads\/2026\/04\/Mont-Dol-2024-005-1-1024x768.jpg\" alt=\"\" class=\"wp-image-6583 size-full\" srcset=\"https:\/\/www.arace.fr\/wp-content\/uploads\/2026\/04\/Mont-Dol-2024-005-1-1024x768.jpg 1024w, https:\/\/www.arace.fr\/wp-content\/uploads\/2026\/04\/Mont-Dol-2024-005-1-300x225.jpg 300w, https:\/\/www.arace.fr\/wp-content\/uploads\/2026\/04\/Mont-Dol-2024-005-1-768x576.jpg 768w, https:\/\/www.arace.fr\/wp-content\/uploads\/2026\/04\/Mont-Dol-2024-005-1-640x480.jpg 640w, https:\/\/www.arace.fr\/wp-content\/uploads\/2026\/04\/Mont-Dol-2024-005-1-1320x990.jpg 1320w, https:\/\/www.arace.fr\/wp-content\/uploads\/2026\/04\/Mont-Dol-2024-005-1.jpg 1411w\" sizes=\"auto, (max-width: 1024px) 100vw, 1024px\" \/><\/figure><div class=\"wp-block-media-text__content\">\n<figure class=\"wp-block-image size-large is-resized\"><img loading=\"lazy\" decoding=\"async\" width=\"1024\" height=\"683\" src=\"https:\/\/www.arace.fr\/wp-content\/uploads\/2026\/04\/Mont-Dol-2024-023-1-1024x683.jpg\" alt=\"\" class=\"wp-image-6586\" style=\"aspect-ratio:1.4993301881297687;width:408px;height:auto\" srcset=\"https:\/\/www.arace.fr\/wp-content\/uploads\/2026\/04\/Mont-Dol-2024-023-1-1024x683.jpg 1024w, https:\/\/www.arace.fr\/wp-content\/uploads\/2026\/04\/Mont-Dol-2024-023-1-300x200.jpg 300w, https:\/\/www.arace.fr\/wp-content\/uploads\/2026\/04\/Mont-Dol-2024-023-1-768x512.jpg 768w, https:\/\/www.arace.fr\/wp-content\/uploads\/2026\/04\/Mont-Dol-2024-023-1-640x427.jpg 640w, https:\/\/www.arace.fr\/wp-content\/uploads\/2026\/04\/Mont-Dol-2024-023-1.jpg 1238w\" sizes=\"auto, (max-width: 1024px) 100vw, 1024px\" \/><\/figure>\n<\/div><\/div>\n<\/div>\n\n\n\n<p class=\"has-text-align-center\">Rendez-vous au Mont-Dol<\/p>\n\n\n\n<p class=\"has-text-align-center\"><strong>Samedi 9 et dimanche 10 mai 2026<\/strong><\/p>\n\n\n\n<p>Cette ann\u00e9e encore, nous vous donnons rendez-vous dans un lieu unique et magique : le Mont-Dol, un site id\u00e9al pour la r\u00e9ception et l\u2019\u00e9mission des ondes radio\u00e9lectriques.<\/p>\n\n\n\n<p>Les op\u00e9rateurs de l\u2019association <strong>ARACE<\/strong> (Association des Radioamateurs de la C\u00f4te d\u2019\u00c9meraude) seront pr\u00e9sents pour vous faire d\u00e9couvrir leur passion :<\/p>\n\n\n\n<p>Un loisir technique fascinant permettant d\u2019exp\u00e9rimenter la radio et de communiquer avec des passionn\u00e9s du monde entier.<\/p>\n\n\n\n<p>Au programme :<\/p>\n\n\n\n<p>D\u00e9monstrations de liaisons radio en ondes courtes<\/p>\n\n\n\n<ul class=\"wp-block-list\">\n<li>Radiot\u00e9l\u00e9phonie (LSB \/ USB)<\/li>\n\n\n\n<li>Modes num\u00e9riques (FT8)<\/li>\n<\/ul>\n\n\n\n<ul class=\"wp-block-list\">\n<li>Suivi en direct de la Station Spatiale Internationale (ISS)<ul><li>Vitesse : 27 000 km\/h<\/li><\/ul>\n<ul class=\"wp-block-list\">\n<li>Altitude : 400 km<\/li>\n<\/ul>\n<\/li>\n\n\n\n<li>Liaisons via satellite g\u00e9ostationnaire QO-100<ul><li>Altitude : 36 000 km<\/li><\/ul>\n<ul class=\"wp-block-list\">\n<li>Couverture : du Br\u00e9sil \u00e0 l\u2019Indon\u00e9sie, de la Norv\u00e8ge \u00e0 l\u2019Afrique du Sud<\/li>\n<\/ul>\n<\/li>\n<\/ul>\n\n\n\n<ul class=\"wp-block-list\">\n<li>Communications num\u00e9riques via relais UHF F6ZCL de Saint-Malo (mode DMR)<\/li>\n<\/ul>\n\n\n\n<p>Initiation et D\u00e9monstration \u00e0 la t\u00e9l\u00e9graphie (CW)<\/p>\n\n\n\n<p>Un cadre exceptionnel<\/p>\n\n\n\n<p>Retrouvez-nous au sommet du Tertre (65 m d\u2019altitude).<\/p>\n\n\n\n<p>Sur la commune du Mont-Dol, avec une vue panoramique sur la baie du Mont-Saint-Michel, de Cancale \u00e0 Granville.<\/p>\n\n\n\n<p class=\"has-text-align-center\"><strong>Entr\u00e9e libre \u2013 Venez nombreux !<\/strong><\/p>\n\n\n\n<p>Curieux, passionn\u00e9s ou simples visiteurs : nous serons ravis de vous accueillir et d\u2019\u00e9changer avec vous.<\/p>\n\n\n\n<p><\/p>\n\n\n\n<p><\/p>\n","protected":false},"excerpt":{"rendered":"<p>Rendez-vous au Mont-Dol Samedi 9 et dimanche 10 mai 2026 Cette ann\u00e9e encore, nous vous donnons rendez-vous dans un lieu unique et magique : le Mont-Dol, un site id\u00e9al pour la r\u00e9ception et l\u2019\u00e9mission des ondes radio\u00e9lectriques. Les&#8230; <a class=\"read-more\" href=\"https:\/\/www.arace.fr\/index.php\/2026\/04\/27\/__trashed-4\/\">Read More<\/a><\/p>\n","protected":false},"author":1,"featured_media":0,"comment_status":"open","ping_status":"open","sticky":false,"template":"","format":"standard","meta":{"ngg_post_thumbnail":0,"footnotes":""},"categories":[7],"tags":[],"class_list":["post-6575","post","type-post","status-publish","format-standard","hentry","category-nouvelles","no-comments"],"_links":{"self":[{"href":"https:\/\/www.arace.fr\/index.php\/wp-json\/wp\/v2\/posts\/6575","targetHints":{"allow":["GET"]}}],"collection":[{"href":"https:\/\/www.arace.fr\/index.php\/wp-json\/wp\/v2\/posts"}],"about":[{"href":"https:\/\/www.arace.fr\/index.php\/wp-json\/wp\/v2\/types\/post"}],"author":[{"embeddable":true,"href":"https:\/\/www.arace.fr\/index.php\/wp-json\/wp\/v2\/users\/1"}],"replies":[{"embeddable":true,"href":"https:\/\/www.arace.fr\/index.php\/wp-json\/wp\/v2\/comments?post=6575"}],"version-history":[{"count":7,"href":"https:\/\/www.arace.fr\/index.php\/wp-json\/wp\/v2\/posts\/6575\/revisions"}],"predecessor-version":[{"id":6595,"href":"https:\/\/www.arace.fr\/index.php\/wp-json\/wp\/v2\/posts\/6575\/revisions\/6595"}],"wp:attachment":[{"href":"https:\/\/www.arace.fr\/index.php\/wp-json\/wp\/v2\/media?parent=6575"}],"wp:term":[{"taxonomy":"category","embeddable":true,"href":"https:\/\/www.arace.fr\/index.php\/wp-json\/wp\/v2\/categories?post=6575"},{"taxonomy":"post_tag","embeddable":true,"href":"https:\/\/www.arace.fr\/index.php\/wp-json\/wp\/v2\/tags?post=6575"}],"curies":[{"name":"wp","href":"https:\/\/api.w.org\/{rel}","templated":true}]}}